{"id":8183,"date":"2025-01-18T12:00:14","date_gmt":"2025-01-18T11:00:14","guid":{"rendered":"http:\/\/saintlouisenthelle.org\/accueil\/?p=8183"},"modified":"2025-02-01T22:21:16","modified_gmt":"2025-02-01T21:21:16","slug":"groupe-de-priere-des-meres","status":"publish","type":"post","link":"https:\/\/saintlouisenthelle.org\/accueil\/groupe-de-priere-des-meres\/","title":{"rendered":"Groupe de pri\u00e8re des m\u00e8res : lundi de 18h30 \u00e0 20h"},"content":{"rendered":"<h3>L&#8217;amour des mamans change le monde<\/h3>\n<p style=\"text-align: justify;\">Vous pouvez rejoindre un des groupes de\u00a0 <strong>\u00ab\u00a0Pri\u00e8res des m\u00e8res\u00a0\u00bb<\/strong> dans la paroisse, qui se r\u00e9unissent r\u00e9guli\u00e8rement pour prier ensemble.<\/p>\n<p style=\"text-align: justify;\">Vous \u00eates m\u00e8res, grands-m\u00e8res, c\u00e9libataires, et si comme ces femmes, vous vous dites\u00a0:\u00a0<em>\u00ab\u00a0Nous avons perdu trop de temps \u00e0 nous inqui\u00e9ter et \u00e0 essayer de tout r\u00e9gler par nous-m\u00eames, ou encore \u00e0 ne rien faire du tout.\u00a0 Et maintenant, Seigneur, nous sommes r\u00e9solues \u00e0 Te faire confiance. \u00bb<\/em><\/p>\n<ul>\n<li><strong>rencontre\u00a0hebdomadaire<\/strong> : le lundi\u00a0de\u00a0<strong>18h30<\/strong> \u00e0 <strong>20h<\/strong>, \u00e0 la Maison paroissiale de Chambly (<a href=\"https:\/\/fr.mappy.com\/plan#\/87%20Avenue%20de%20Verdun%2C%2060230%20Chambly\" target=\"_blank\" rel=\"noopener\">87 Avenue de Verdun<\/a>)<\/li>\n<\/ul>\n<p>&nbsp;<\/p>\n<ul>\n<li>un autre groupe se r\u00e9unit le plus souvent en visio<\/li>\n<\/ul>\n<p>&nbsp;<\/p>\n<p>renseignements : Liliane &#8211; 06 10 77 16 31\u202c &#8211; <a href=\"mailto:lyanecharles@neuf.fr\">lyanecharles@neuf.fr<\/a><\/p>\n<p style=\"text-align: center;\"><a href=\"https:\/\/saintlouisenthelle.org\/accueil\/prier-et-celebrer\/priere-des-meres\/\">La pri\u00e8re des m\u00e8res dans la paroisse<\/a><\/p>\n<p><a href=\"http:\/\/www.prieredesmeres.com\" target=\"_blank\" rel=\"noopener\"><img data-recalc-dims=\"1\" fetchpriority=\"high\" decoding=\"async\" class=\"aligncenter wp-image-8231 size-full\" src=\"https:\/\/i0.wp.com\/saintlouisenthelle.org\/accueil\/wp-content\/uploads\/2020\/05\/priere-des-meres-sainte-famille.jpg?resize=340%2C512&#038;ssl=1\" alt=\"\" width=\"340\" height=\"512\" srcset=\"https:\/\/i0.wp.com\/saintlouisenthelle.org\/accueil\/wp-content\/uploads\/2020\/05\/priere-des-meres-sainte-famille.jpg?w=340&amp;ssl=1 340w, https:\/\/i0.wp.com\/saintlouisenthelle.org\/accueil\/wp-content\/uploads\/2020\/05\/priere-des-meres-sainte-famille.jpg?resize=199%2C300&amp;ssl=1 199w\" sizes=\"(max-width: 340px) 100vw, 340px\" \/><\/a><\/p>\n<p style=\"text-align: center;\"><a href=\"http:\/\/www.prieredesmeres.com\" target=\"_blank\" rel=\"noopener noreferrer\">www.prieredesmeres.com<\/a><\/p>\n","protected":false},"excerpt":{"rendered":"<p>L&#8217;amour des mamans change le monde Vous pouvez rejoindre un des groupes de\u00a0 \u00ab\u00a0Pri\u00e8res des m\u00e8res\u00a0\u00bb dans la paroisse, qui se r\u00e9unissent r\u00e9guli\u00e8rement pour prier ensemble. Vous \u00eates m\u00e8res, grands-m\u00e8res,&hellip;<\/p>\n","protected":false},"author":4,"featured_media":8230,"comment_status":"closed","ping_status":"open","sticky":false,"template":"","format":"standard","meta":{"_lmt_disableupdate":"","_lmt_disable":"","_jetpack_memberships_contains_paid_content":false,"footnotes":""},"categories":[14],"tags":[],"class_list":["post-8183","post","type-post","status-publish","format-standard","has-post-thumbnail","hentry","category-paroisse"],"jetpack_featured_media_url":"https:\/\/i0.wp.com\/saintlouisenthelle.org\/accueil\/wp-content\/uploads\/2020\/05\/priere-des-meres-logo.gif?fit=313%2C315&ssl=1","jetpack_shortlink":"https:\/\/wp.me\/p7Mpl1-27Z","jetpack_sharing_enabled":true,"_links":{"self":[{"href":"https:\/\/saintlouisenthelle.org\/accueil\/wp-json\/wp\/v2\/posts\/8183","targetHints":{"allow":["GET"]}}],"collection":[{"href":"https:\/\/saintlouisenthelle.org\/accueil\/wp-json\/wp\/v2\/posts"}],"about":[{"href":"https:\/\/saintlouisenthelle.org\/accueil\/wp-json\/wp\/v2\/types\/post"}],"author":[{"embeddable":true,"href":"https:\/\/saintlouisenthelle.org\/accueil\/wp-json\/wp\/v2\/users\/4"}],"replies":[{"embeddable":true,"href":"https:\/\/saintlouisenthelle.org\/accueil\/wp-json\/wp\/v2\/comments?post=8183"}],"version-history":[{"count":24,"href":"https:\/\/saintlouisenthelle.org\/accueil\/wp-json\/wp\/v2\/posts\/8183\/revisions"}],"predecessor-version":[{"id":12296,"href":"https:\/\/saintlouisenthelle.org\/accueil\/wp-json\/wp\/v2\/posts\/8183\/revisions\/12296"}],"wp:featuredmedia":[{"embeddable":true,"href":"https:\/\/saintlouisenthelle.org\/accueil\/wp-json\/wp\/v2\/media\/8230"}],"wp:attachment":[{"href":"https:\/\/saintlouisenthelle.org\/accueil\/wp-json\/wp\/v2\/media?parent=8183"}],"wp:term":[{"taxonomy":"category","embeddable":true,"href":"https:\/\/saintlouisenthelle.org\/accueil\/wp-json\/wp\/v2\/categories?post=8183"},{"taxonomy":"post_tag","embeddable":true,"href":"https:\/\/saintlouisenthelle.org\/accueil\/wp-json\/wp\/v2\/tags?post=8183"}],"curies":[{"name":"wp","href":"https:\/\/api.w.org\/{rel}","templated":true}]}}