{"id":6987,"date":"2026-08-27T12:00:00","date_gmt":"2026-08-27T10:00:00","guid":{"rendered":"http:\/\/saintlouisenthelle.org\/accueil\/?p=6987"},"modified":"2026-09-01T12:58:10","modified_gmt":"2026-09-01T10:58:10","slug":"rentree-catechisme-aumonerie","status":"publish","type":"post","link":"https:\/\/saintlouisenthelle.org\/accueil\/rentree-catechisme-aumonerie\/","title":{"rendered":"Rentr\u00e9e de l&rsquo;\u00c9veil \u00e0 la foi, du Cat\u00e9chisme et de l&rsquo;Aum\u00f4nerie"},"content":{"rendered":"<p>&nbsp;<\/p>\n<p style=\"text-align: right;\"><em><strong><span style=\"color: #000000;\"><span style=\"caret-color: #000000;\">Rentr\u00e9e septembre 2026<\/span><\/span><\/strong><\/em><\/p>\n<h2>Rendez-vous de la rentr\u00e9e :<\/h2>\n<div>\n<div>\n<div>\n<div>\n<h3>Forum paroissial et Messe avec la b\u00e9n\u00e9diction des cartables : <b><br \/>\n<\/b><\/h3>\n<ul>\n<li>Dimanche <strong>13 septembre<\/strong> \u00e0 l\u2019<strong>\u00e9glise de Chambly : <\/strong>\n<ul>\n<li>\u00e0 partir de <strong>9h30<\/strong> : <strong>Forum paroissial<\/strong><\/li>\n<li>\u00e0 <strong>10h30<\/strong> : messe avec la <strong>b\u00e9n\u00e9diction des cartables<\/strong><\/li>\n<\/ul>\n<\/li>\n<\/ul>\n<\/div>\n<\/div>\n<h3>Messe des familles :<b><br \/>\n<\/b><\/h3>\n<ul>\n<li>Dimanche <strong>4 octobre<\/strong>\u00a0\u00e0 <strong>10h30<\/strong> \u00e0 l\u2019<strong>\u00e9glise de<\/strong> <strong>Chambly<\/strong><\/li>\n<\/ul>\n<\/div>\n<\/div>\n<div>\n<ul>\n<li style=\"list-style-type: none;\"><\/li>\n<\/ul>\n<\/div>\n<h1>&#8211;<br \/>\nCat\u00e9chisme et \u00c9veil \u00e0 la foi<br \/>\n(Moyenne section au CM2)\u00a0:<\/h1>\n<h3><a href=\"https:\/\/i0.wp.com\/saintlouisenthelle.org\/accueil\/wp-content\/uploads\/2019\/07\/rentree-cate-en-avant.jpg?ssl=1\" data-rel=\"penci-gallery-image-content\" ><img data-recalc-dims=\"1\" decoding=\"async\" class=\"size-medium wp-image-7016 alignright\" src=\"https:\/\/i0.wp.com\/saintlouisenthelle.org\/accueil\/wp-content\/uploads\/2019\/07\/rentree-cate-en-avant.jpg?resize=300%2C119&#038;ssl=1\" alt=\"\" width=\"300\" height=\"119\" srcset=\"https:\/\/i0.wp.com\/saintlouisenthelle.org\/accueil\/wp-content\/uploads\/2019\/07\/rentree-cate-en-avant.jpg?resize=300%2C119&amp;ssl=1 300w, https:\/\/i0.wp.com\/saintlouisenthelle.org\/accueil\/wp-content\/uploads\/2019\/07\/rentree-cate-en-avant.jpg?w=500&amp;ssl=1 500w\" sizes=\"(max-width: 300px) 100vw, 300px\" \/><\/a><\/h3>\n<div><\/div>\n<h3><strong>Inscriptions :<\/strong><\/h3>\n<ul>\n<li>\n<div><span style=\"color: #ff0000;\"><strong>Inscription en ligne<\/strong><\/span>, avec le formulaire d\u2019inscription correspondant au groupe souhait\u00e9 :<\/div>\n<ul>\n<li style=\"list-style-type: none;\">\n<ul>\n<li><a href=\"https:\/\/saintlouisenthelle.org\/accueil\/jeunes\/eveil-a-la-foi\/\"><strong>\u00c9veil \u00e0 la foi<\/strong><\/a> (pour les enfants en classe de : <strong>Moyenne section<\/strong>, <strong>Grande section<\/strong>, <strong>CP<\/strong>)<\/li>\n<li><a href=\"https:\/\/saintlouisenthelle.org\/accueil\/jeunes\/catechisme\/\"><strong>Cat\u00e9chisme<\/strong><\/a> (pour les enfants en classe de : <strong>CE1<\/strong>, <strong>CE2<\/strong>, <strong>CM1<\/strong>, <strong>CM2<\/strong>)<\/li>\n<\/ul>\n<\/li>\n<\/ul>\n<\/li>\n<\/ul>\n<ul>\n<li>\n<div><strong>Permanences d\u2019inscription<\/strong> \u00e0 la <strong>Maison paroissiale de Chambly<\/strong> (87 Avenue de Verdun) :<br \/>\nles <strong>samedis<\/strong> du mois de <strong>septembre<\/strong>, de <strong>10h \u00e0 midi<\/strong><\/div>\n<\/li>\n<\/ul>\n<h3>Dimanche <strong>4 octobre<\/strong> : <strong>messe des familles<\/strong>, <strong>f\u00eate du Cat\u00e9<\/strong> et r\u00e9union d&rsquo;information pour les parents<\/h3>\n<div>\n<ul>\n<li style=\"list-style-type: none;\">\n<ul>\n<li><strong>10h30<\/strong> : <strong>messe des familles<\/strong> \u00e0 l\u2019\u00e9glise de <strong>Chambly<\/strong><\/li>\n<li class=\"ck-list-marker-bold\"><strong>f\u00eate du Cat\u00e9chisme et de l\u2019\u00c9veil \u00e0 la foi<\/strong><\/li>\n<li><strong>r\u00e9union d\u2019information<\/strong> pour les parents<\/li>\n<\/ul>\n<\/li>\n<\/ul>\n<\/div>\n<h4><strong>Contacts<\/strong> :<\/h4>\n<ul>\n<li><strong>Pascaline MENDES DELIMAUGE<\/strong> &#8211; T\u00e9l. 06 58 59 58 42 &#8211; <a href=\"mailto:pascaline_mendesdelimauge@yahoo.fr\">pascaline_mendesdelimauge@yahoo.fr<\/a><\/li>\n<li><strong>Olivier CROISIC<\/strong> &#8211; T\u00e9l. \u202d06 27 00 62 52\u202c &#8211; <a href=\"mailto:croisic.olivier@gmail.com\">croisic.olivier@gmail.com<\/a><\/li>\n<\/ul>\n<h1><a href=\"https:\/\/i0.wp.com\/saintlouisenthelle.org\/accueil\/wp-content\/uploads\/2019\/07\/logo-aumonerie-01.png?ssl=1\" data-rel=\"penci-gallery-image-content\" ><img data-recalc-dims=\"1\" fetchpriority=\"high\" decoding=\"async\" class=\"size-medium wp-image-7030 alignright\" src=\"https:\/\/i0.wp.com\/saintlouisenthelle.org\/accueil\/wp-content\/uploads\/2019\/07\/logo-aumonerie-01.png?resize=300%2C175&#038;ssl=1\" alt=\"\" width=\"300\" height=\"175\" srcset=\"https:\/\/i0.wp.com\/saintlouisenthelle.org\/accueil\/wp-content\/uploads\/2019\/07\/logo-aumonerie-01.png?resize=300%2C175&amp;ssl=1 300w, https:\/\/i0.wp.com\/saintlouisenthelle.org\/accueil\/wp-content\/uploads\/2019\/07\/logo-aumonerie-01.png?resize=768%2C448&amp;ssl=1 768w, https:\/\/i0.wp.com\/saintlouisenthelle.org\/accueil\/wp-content\/uploads\/2019\/07\/logo-aumonerie-01.png?w=960&amp;ssl=1 960w\" sizes=\"(max-width: 300px) 100vw, 300px\" \/><\/a>&#8211;<br \/>\nAum\u00f4nerie (coll\u00e8ge et lyc\u00e9e)<\/h1>\n<h3><strong>Inscriptions<\/strong> :<\/h3>\n<ul>\n<li>\n<div><a href=\"https:\/\/saintlouisenthelle.org\/accueil\/jeunes\/aumonerie\/\"><strong>Inscription en ligne<\/strong><\/a>, avec le formulaire d\u2019inscription correspondant au groupe souhait\u00e9<\/div>\n<\/li>\n<\/ul>\n<p>&nbsp;<\/p>\n<h3><span style=\"color: #ff0000;\">R\u00e9union de rentr\u00e9e<\/span> pour les parents :<strong><img data-recalc-dims=\"1\" decoding=\"async\" class=\"wp-image-7031 alignright\" src=\"https:\/\/i0.wp.com\/saintlouisenthelle.org\/accueil\/wp-content\/uploads\/2019\/07\/logo-aumonerie-chambly.jpg?resize=141%2C106&#038;ssl=1\" alt=\"\" width=\"141\" height=\"106\" \/><\/strong><\/h3>\n<ul>\n<li>vendredi <strong><span style=\"text-decoration: underline;\">11<\/span> septembre<\/strong> \u00e0 <strong>20h30<\/strong> \u00e0 la <strong>Maison paroissiale<\/strong> de <strong>Chambly<\/strong> (87 Av. de Verdun)<\/li>\n<\/ul>\n<p><strong>Contact<\/strong> : <strong>Sylvie DUFOUR<\/strong> &#8211; T\u00e9l. 06 03 51 71 05 &#8211; <a href=\"mailto:amisaumoneriedupaysdethelle@laposte.net\">amisaumoneriedupaysdethelle@laposte.net<\/a><\/p>\n<p>&nbsp;<\/p>\n<p><a href=\"https:\/\/i0.wp.com\/saintlouisenthelle.org\/accueil\/wp-content\/uploads\/2019\/07\/la-rentree.jpg?ssl=1\" data-rel=\"penci-gallery-image-content\" ><img data-recalc-dims=\"1\" loading=\"lazy\" decoding=\"async\" class=\"aligncenter size-medium wp-image-7014\" src=\"https:\/\/i0.wp.com\/saintlouisenthelle.org\/accueil\/wp-content\/uploads\/2019\/07\/la-rentree.jpg?resize=300%2C149&#038;ssl=1\" alt=\"\" width=\"300\" height=\"149\" srcset=\"https:\/\/i0.wp.com\/saintlouisenthelle.org\/accueil\/wp-content\/uploads\/2019\/07\/la-rentree.jpg?resize=300%2C149&amp;ssl=1 300w, https:\/\/i0.wp.com\/saintlouisenthelle.org\/accueil\/wp-content\/uploads\/2019\/07\/la-rentree.jpg?resize=768%2C381&amp;ssl=1 768w, https:\/\/i0.wp.com\/saintlouisenthelle.org\/accueil\/wp-content\/uploads\/2019\/07\/la-rentree.jpg?resize=1024%2C508&amp;ssl=1 1024w, https:\/\/i0.wp.com\/saintlouisenthelle.org\/accueil\/wp-content\/uploads\/2019\/07\/la-rentree.jpg?w=2340&amp;ssl=1 2340w, https:\/\/i0.wp.com\/saintlouisenthelle.org\/accueil\/wp-content\/uploads\/2019\/07\/la-rentree.jpg?w=3510&amp;ssl=1 3510w\" sizes=\"(max-width: 300px) 100vw, 300px\" \/><\/a><\/p>\n","protected":false},"excerpt":{"rendered":"<p>&nbsp; Rentr\u00e9e septembre 2026 Rendez-vous de la rentr\u00e9e : Forum paroissial et Messe avec la b\u00e9n\u00e9diction des cartables : Dimanche 13 septembre \u00e0 l\u2019\u00e9glise de Chambly : \u00e0 partir de&hellip;<\/p>\n","protected":false},"author":4,"featured_media":7014,"comment_status":"closed","ping_status":"open","sticky":false,"template":"","format":"standard","meta":{"_lmt_disableupdate":"no","_lmt_disable":"","_jetpack_newsletter_access":"","_jetpack_dont_email_post_to_subs":false,"_jetpack_newsletter_tier_id":0,"_jetpack_memberships_contains_paywalled_content":false,"_jetpack_feature_clip_id":0,"_jetpack_memberships_contains_paid_content":false,"footnotes":"","jetpack_post_was_ever_published":false},"categories":[14],"tags":[],"class_list":["post-6987","post","type-post","status-publish","format-standard","has-post-thumbnail","hentry","category-paroisse"],"jetpack_shortlink":"https:\/\/wp.me\/p7Mpl1-1OH","jetpack_sharing_enabled":true,"jetpack_featured_media_url":"https:\/\/i0.wp.com\/saintlouisenthelle.org\/accueil\/wp-content\/uploads\/2019\/07\/la-rentree.jpg?fit=5500%2C2727&ssl=1","_links":{"self":[{"href":"https:\/\/saintlouisenthelle.org\/accueil\/wp-json\/wp\/v2\/posts\/6987","targetHints":{"allow":["GET"]}}],"collection":[{"href":"https:\/\/saintlouisenthelle.org\/accueil\/wp-json\/wp\/v2\/posts"}],"about":[{"href":"https:\/\/saintlouisenthelle.org\/accueil\/wp-json\/wp\/v2\/types\/post"}],"author":[{"embeddable":true,"href":"https:\/\/saintlouisenthelle.org\/accueil\/wp-json\/wp\/v2\/users\/4"}],"replies":[{"embeddable":true,"href":"https:\/\/saintlouisenthelle.org\/accueil\/wp-json\/wp\/v2\/comments?post=6987"}],"version-history":[{"count":75,"href":"https:\/\/saintlouisenthelle.org\/accueil\/wp-json\/wp\/v2\/posts\/6987\/revisions"}],"predecessor-version":[{"id":14958,"href":"https:\/\/saintlouisenthelle.org\/accueil\/wp-json\/wp\/v2\/posts\/6987\/revisions\/14958"}],"wp:featuredmedia":[{"embeddable":true,"href":"https:\/\/saintlouisenthelle.org\/accueil\/wp-json\/wp\/v2\/media\/7014"}],"wp:attachment":[{"href":"https:\/\/saintlouisenthelle.org\/accueil\/wp-json\/wp\/v2\/media?parent=6987"}],"wp:term":[{"taxonomy":"category","embeddable":true,"href":"https:\/\/saintlouisenthelle.org\/accueil\/wp-json\/wp\/v2\/categories?post=6987"},{"taxonomy":"post_tag","embeddable":true,"href":"https:\/\/saintlouisenthelle.org\/accueil\/wp-json\/wp\/v2\/tags?post=6987"}],"curies":[{"name":"wp","href":"https:\/\/api.w.org\/{rel}","templated":true}]}}