{"id":6987,"date":"2025-10-05T12:00:00","date_gmt":"2025-10-05T10:00:00","guid":{"rendered":"http:\/\/saintlouisenthelle.org\/accueil\/?p=6987"},"modified":"2025-11-18T23:35:58","modified_gmt":"2025-11-18T22:35:58","slug":"rentree-catechisme-aumonerie","status":"publish","type":"post","link":"https:\/\/saintlouisenthelle.org\/accueil\/rentree-catechisme-aumonerie\/","title":{"rendered":"Rentr\u00e9e de l&#8217;\u00c9veil \u00e0 la foi, du Cat\u00e9chisme, de l&#8217;Aum\u00f4nerie et de Zil\u00e9os"},"content":{"rendered":"<p>&nbsp;<\/p>\n<p style=\"text-align: right;\"><em><strong><span style=\"color: #000000;\"><span style=\"caret-color: #000000;\">Rentr\u00e9e septembre 2025<\/span><\/span><\/strong><\/em><\/p>\n<h1>Pour tous :<\/h1>\n<h2>Messe avec la b\u00e9n\u00e9diction des cartables : <b><br \/>\n<\/b><\/h2>\n<ul>\n<li>Dimanche <strong>7 septembre<\/strong> \u00e0 <strong>10h30<\/strong> \u00e0 l\u2019<strong>\u00e9glise de Chambly<\/strong>, avec <strong>b\u00e9n\u00e9diction des cartables<\/strong> au cours de la messe<\/li>\n<\/ul>\n<h2>Messe des familles de rentr\u00e9e : <b><br \/>\n<\/b><\/h2>\n<ul>\n<li>Dimanche <strong>28 septembre<\/strong>\u00a0\u00e0 <strong>10h30<\/strong> \u00e0 l\u2019<strong>\u00e9glise de<\/strong> <strong>Chambly<\/strong><\/li>\n<\/ul>\n<div>\n<h2>Forum paroissial : <b><br \/>\n<\/b><\/h2>\n<ul>\n<li>Dimanche <strong>12 octobre<\/strong> \u00e0 l\u2019<strong>\u00e9glise de Chambly :\u00a0<\/strong>\n<ul>\n<li>\u00e0 partir de <strong>9h30<\/strong> : le <strong>Forum paroissial<\/strong><\/li>\n<li>\u00e0 <strong>10h30<\/strong> : la <strong>messe des familles<\/strong><\/li>\n<\/ul>\n<\/li>\n<\/ul>\n<\/div>\n<h1>Cat\u00e9chisme et \u00c9veil \u00e0 la foi<br \/>\n(Moyenne section au CM2)\u00a0:<\/h1>\n<h3><a href=\"https:\/\/i0.wp.com\/saintlouisenthelle.org\/accueil\/wp-content\/uploads\/2019\/07\/rentree-cate-en-avant.jpg?ssl=1\" data-rel=\"penci-gallery-image-content\" ><img data-recalc-dims=\"1\" decoding=\"async\" class=\"size-medium wp-image-7016 alignright\" src=\"https:\/\/i0.wp.com\/saintlouisenthelle.org\/accueil\/wp-content\/uploads\/2019\/07\/rentree-cate-en-avant.jpg?resize=300%2C119&#038;ssl=1\" alt=\"\" width=\"300\" height=\"119\" srcset=\"https:\/\/i0.wp.com\/saintlouisenthelle.org\/accueil\/wp-content\/uploads\/2019\/07\/rentree-cate-en-avant.jpg?resize=300%2C119&amp;ssl=1 300w, https:\/\/i0.wp.com\/saintlouisenthelle.org\/accueil\/wp-content\/uploads\/2019\/07\/rentree-cate-en-avant.jpg?w=500&amp;ssl=1 500w\" sizes=\"(max-width: 300px) 100vw, 300px\" \/><\/a><\/h3>\n<div><\/div>\n<h3><strong>Inscriptions :<\/strong><\/h3>\n<ul>\n<li>\n<div><span style=\"color: #ff0000;\"><strong>Inscription en ligne<\/strong><\/span>, avec le formulaire d\u2019inscription correspondant au groupe souhait\u00e9 :<\/div>\n<ul>\n<li style=\"list-style-type: none;\">\n<ul>\n<li><a href=\"https:\/\/saintlouisenthelle.org\/accueil\/jeunes\/eveil-a-la-foi\/\"><strong>\u00c9veil \u00e0 la foi<\/strong><\/a> (enfants en classe de : <strong>Moyenne section<\/strong>, <strong>Grande section<\/strong>, <strong>CP<\/strong>)<\/li>\n<li><a href=\"https:\/\/saintlouisenthelle.org\/accueil\/jeunes\/catechisme\/\"><strong>Cat\u00e9chisme<\/strong><\/a> (enfants en classe de : <strong>CE1<\/strong>, <strong>CE2<\/strong>, <strong>CM1<\/strong>, <strong>CM2<\/strong>)<\/li>\n<\/ul>\n<\/li>\n<\/ul>\n<\/li>\n<\/ul>\n<ul>\n<li>\n<div><strong>Permanences d\u2019inscription<\/strong> \u00e0 la <strong>Maison paroissiale de Chambly<\/strong> (87 Avenue de Verdun) :<br \/>\nles <strong>samedis<\/strong> du mois de <strong>septembre<\/strong>, de <strong>10h \u00e0 midi<\/strong><\/div>\n<\/li>\n<li><strong>Permanences d\u2019inscription<\/strong> \u00e0 la <strong>Maison paroissiale de Neuilly-en-Thelle<\/strong> (1 Chemin Jeanne d&#8217;Arc, face au cimeti\u00e8re route de Crouy) :<br \/>\nles <strong>samedis<\/strong> du mois de <strong>septembre, de 10h \u00e0 11h30<\/strong><\/li>\n<\/ul>\n<div>\n<div><\/div>\n<\/div>\n<h3><span style=\"color: #ff0000;\">R\u00e9union de rentr\u00e9e<\/span> pour les parents :<\/h3>\n<ul>\n<li>mardi <strong>7 octobre<\/strong> \u00e0 <strong>20h30<\/strong> \u00e0 l\u2019<strong>\u00e9glise Saint-Denis de Bornel<\/strong><\/li>\n<\/ul>\n<p><strong>Contacts<\/strong> :<br \/>\n<strong>Olivier CROISIC<\/strong> &#8211; T\u00e9l. \u202d06 27 00 62 52\u202c &#8211; <a href=\"mailto:croisic.olivier@gmail.com\">croisic.olivier@gmail.com<\/a><strong><br \/>\nPascaline MENDES DELIMAUGE<\/strong> &#8211; T\u00e9l. 06 58 59 58 42 &#8211; <a href=\"mailto:pascaline_mendesdelimauge@yahoo.fr\">pascaline_mendesdelimauge@yahoo.fr<\/a><\/p>\n<p>&nbsp;<\/p>\n<h1><a href=\"https:\/\/i0.wp.com\/saintlouisenthelle.org\/accueil\/wp-content\/uploads\/2019\/07\/logo-aumonerie-01.png?ssl=1\" data-rel=\"penci-gallery-image-content\" ><img data-recalc-dims=\"1\" decoding=\"async\" class=\"size-medium wp-image-7030 alignright\" src=\"https:\/\/i0.wp.com\/saintlouisenthelle.org\/accueil\/wp-content\/uploads\/2019\/07\/logo-aumonerie-01.png?resize=300%2C175&#038;ssl=1\" alt=\"\" width=\"300\" height=\"175\" srcset=\"https:\/\/i0.wp.com\/saintlouisenthelle.org\/accueil\/wp-content\/uploads\/2019\/07\/logo-aumonerie-01.png?resize=300%2C175&amp;ssl=1 300w, https:\/\/i0.wp.com\/saintlouisenthelle.org\/accueil\/wp-content\/uploads\/2019\/07\/logo-aumonerie-01.png?resize=768%2C448&amp;ssl=1 768w, https:\/\/i0.wp.com\/saintlouisenthelle.org\/accueil\/wp-content\/uploads\/2019\/07\/logo-aumonerie-01.png?w=960&amp;ssl=1 960w\" sizes=\"(max-width: 300px) 100vw, 300px\" \/><\/a>Aum\u00f4nerie (coll\u00e8ge et lyc\u00e9e)<\/h1>\n<h3><strong>Inscriptions<\/strong> :<\/h3>\n<ul>\n<li>\n<div><a href=\"https:\/\/saintlouisenthelle.org\/accueil\/jeunes\/aumonerie\/\"><strong>Inscription en ligne<\/strong><\/a>, avec le formulaire d\u2019inscription correspondant au groupe souhait\u00e9<\/div>\n<\/li>\n<\/ul>\n<p>&nbsp;<\/p>\n<ul>\n<li>\n<div><strong>Permanence d\u2019inscription<\/strong> \u00e0 la <strong>Maison paroissiale de Chambly<\/strong> (87 Av. de Verdun) :<br \/>\n&#8211; samedi <strong>30 ao\u00fbt<\/strong>\u00a0de <strong>10h<\/strong> \u00e0 <strong>midi<\/strong>, mercredi <strong>3 septembre<\/strong> de <strong>18h<\/strong> \u00e0 <strong>20h<\/strong><\/div>\n<\/li>\n<\/ul>\n<p><strong><img data-recalc-dims=\"1\" decoding=\"async\" class=\"wp-image-7031 alignright\" src=\"https:\/\/i0.wp.com\/saintlouisenthelle.org\/accueil\/wp-content\/uploads\/2019\/07\/logo-aumonerie-chambly.jpg?resize=141%2C106&#038;ssl=1\" alt=\"\" width=\"141\" height=\"106\" \/><\/strong><\/p>\n<p>&nbsp;<\/p>\n<h3><span style=\"color: #ff0000;\">R\u00e9union de rentr\u00e9e<\/span> pour les parents :<\/h3>\n<ul>\n<li>vendredi <strong><span style=\"text-decoration: underline;\">5<\/span> septembre<\/strong> \u00e0 <strong>20h30<\/strong> \u00e0 la <strong>Maison paroissiale<\/strong> de <strong>Chambly<\/strong> (87 Av. de Verdun)<\/li>\n<\/ul>\n<p><strong>Contact<\/strong> : <strong>Sylvie DUFOUR<\/strong> &#8211; T\u00e9l. 06 03 51 71 05 &#8211; <a href=\"mailto:amisaumoneriedupaysdethelle@laposte.net\">amisaumoneriedupaysdethelle@laposte.net<\/a><\/p>\n<p>&nbsp;<\/p>\n<h2>Zil\u00e9os (14-19 ans)<\/h2>\n<p><a href=\"https:\/\/saintlouisenthelle.org\/accueil\/jeunes\/zileos\/\"><img data-recalc-dims=\"1\" decoding=\"async\" class=\"aligncenter wp-image-8934 size-thumbnail\" src=\"https:\/\/i0.wp.com\/saintlouisenthelle.org\/accueil\/wp-content\/uploads\/2020\/09\/zileos-logo23ko.jpg?resize=150%2C150&#038;ssl=1\" alt=\"\" width=\"150\" height=\"150\" srcset=\"https:\/\/i0.wp.com\/saintlouisenthelle.org\/accueil\/wp-content\/uploads\/2020\/09\/zileos-logo23ko.jpg?resize=150%2C150&amp;ssl=1 150w, https:\/\/i0.wp.com\/saintlouisenthelle.org\/accueil\/wp-content\/uploads\/2020\/09\/zileos-logo23ko.jpg?resize=300%2C300&amp;ssl=1 300w, https:\/\/i0.wp.com\/saintlouisenthelle.org\/accueil\/wp-content\/uploads\/2020\/09\/zileos-logo23ko.jpg?resize=768%2C767&amp;ssl=1 768w, https:\/\/i0.wp.com\/saintlouisenthelle.org\/accueil\/wp-content\/uploads\/2020\/09\/zileos-logo23ko.jpg?w=800&amp;ssl=1 800w\" sizes=\"(max-width: 150px) 100vw, 150px\" \/><\/a><\/p>\n<p style=\"text-align: center;\">Qu&#8217;est-ce que <strong>Zil\u00e9os<\/strong> ? pour en savoir plus : <strong><a href=\"https:\/\/saintlouisenthelle.org\/accueil\/jeunes\/zileos\/\">Zil\u00e9os<\/a><\/strong><\/p>\n<h4>Pr\u00e9sentation pour les jeunes :<\/h4>\n<ul>\n<li>rencontre de <strong>pr\u00e9sentation du club Zil\u00e9os<\/strong>, pour les jeunes :<\/li>\n<\/ul>\n<p>&nbsp;<\/p>\n<h4>Inscriptions :<\/h4>\n<ul>\n<li><a href=\"https:\/\/public.enoria.app\/pubinsc\/gp\/4c697d8cd863383\/open\" target=\"_blank\" rel=\"noopener\"><strong>Coll\u00e9giens de 3<sup>e<\/sup> et lyc\u00e9ens <\/strong>(ouvert \u00e0 tous)<\/a> :<br \/>\nun <strong>Dimanche apr\u00e8s-midi<\/strong> par mois, et un <strong>inter-club en soir\u00e9e<\/strong>\u00a0par mois,<br \/>\n\u00e0 la <strong>Maison paroissiale de Bornel<\/strong> avec S\u00e9bastien Cardeur<\/li>\n<\/ul>\n<div><\/div>\n<h4>Pour prendre contact :<\/h4>\n<p><strong>S\u00e9bastien<\/strong><strong>\u00a0Cardeur<\/strong><br \/>\nS\u00e9bastien : 07 89 77 71 89 \u2013 <a href=\"mailto:sebus60800@hotmail.fr\">sebus60800@hotmail.fr<\/a><\/p>\n<p>&nbsp;<\/p>\n<p><a href=\"https:\/\/i0.wp.com\/saintlouisenthelle.org\/accueil\/wp-content\/uploads\/2019\/07\/la-rentree.jpg?ssl=1\" data-rel=\"penci-gallery-image-content\" ><img data-recalc-dims=\"1\" decoding=\"async\" class=\"aligncenter size-medium wp-image-7014\" src=\"https:\/\/i0.wp.com\/saintlouisenthelle.org\/accueil\/wp-content\/uploads\/2019\/07\/la-rentree.jpg?resize=300%2C149&#038;ssl=1\" alt=\"\" width=\"300\" height=\"149\" srcset=\"https:\/\/i0.wp.com\/saintlouisenthelle.org\/accueil\/wp-content\/uploads\/2019\/07\/la-rentree.jpg?resize=300%2C149&amp;ssl=1 300w, https:\/\/i0.wp.com\/saintlouisenthelle.org\/accueil\/wp-content\/uploads\/2019\/07\/la-rentree.jpg?resize=768%2C381&amp;ssl=1 768w, https:\/\/i0.wp.com\/saintlouisenthelle.org\/accueil\/wp-content\/uploads\/2019\/07\/la-rentree.jpg?resize=1024%2C508&amp;ssl=1 1024w, https:\/\/i0.wp.com\/saintlouisenthelle.org\/accueil\/wp-content\/uploads\/2019\/07\/la-rentree.jpg?w=2340&amp;ssl=1 2340w, https:\/\/i0.wp.com\/saintlouisenthelle.org\/accueil\/wp-content\/uploads\/2019\/07\/la-rentree.jpg?w=3510&amp;ssl=1 3510w\" sizes=\"(max-width: 300px) 100vw, 300px\" \/><\/a><\/p>\n","protected":false},"excerpt":{"rendered":"<p>&nbsp; Rentr\u00e9e septembre 2025 Pour tous : Messe avec la b\u00e9n\u00e9diction des cartables : Dimanche 7 septembre \u00e0 10h30 \u00e0 l\u2019\u00e9glise de Chambly, avec b\u00e9n\u00e9diction des cartables au cours de&hellip;<\/p>\n","protected":false},"author":4,"featured_media":7014,"comment_status":"closed","ping_status":"open","sticky":false,"template":"","format":"standard","meta":{"_lmt_disableupdate":"no","_lmt_disable":"","_jetpack_memberships_contains_paid_content":false,"footnotes":""},"categories":[14],"tags":[],"class_list":["post-6987","post","type-post","status-publish","format-standard","has-post-thumbnail","hentry","category-paroisse"],"jetpack_featured_media_url":"https:\/\/i0.wp.com\/saintlouisenthelle.org\/accueil\/wp-content\/uploads\/2019\/07\/la-rentree.jpg?fit=5500%2C2727&ssl=1","jetpack_shortlink":"https:\/\/wp.me\/p7Mpl1-1OH","jetpack_sharing_enabled":true,"_links":{"self":[{"href":"https:\/\/saintlouisenthelle.org\/accueil\/wp-json\/wp\/v2\/posts\/6987","targetHints":{"allow":["GET"]}}],"collection":[{"href":"https:\/\/saintlouisenthelle.org\/accueil\/wp-json\/wp\/v2\/posts"}],"about":[{"href":"https:\/\/saintlouisenthelle.org\/accueil\/wp-json\/wp\/v2\/types\/post"}],"author":[{"embeddable":true,"href":"https:\/\/saintlouisenthelle.org\/accueil\/wp-json\/wp\/v2\/users\/4"}],"replies":[{"embeddable":true,"href":"https:\/\/saintlouisenthelle.org\/accueil\/wp-json\/wp\/v2\/comments?post=6987"}],"version-history":[{"count":73,"href":"https:\/\/saintlouisenthelle.org\/accueil\/wp-json\/wp\/v2\/posts\/6987\/revisions"}],"predecessor-version":[{"id":14340,"href":"https:\/\/saintlouisenthelle.org\/accueil\/wp-json\/wp\/v2\/posts\/6987\/revisions\/14340"}],"wp:featuredmedia":[{"embeddable":true,"href":"https:\/\/saintlouisenthelle.org\/accueil\/wp-json\/wp\/v2\/media\/7014"}],"wp:attachment":[{"href":"https:\/\/saintlouisenthelle.org\/accueil\/wp-json\/wp\/v2\/media?parent=6987"}],"wp:term":[{"taxonomy":"category","embeddable":true,"href":"https:\/\/saintlouisenthelle.org\/accueil\/wp-json\/wp\/v2\/categories?post=6987"},{"taxonomy":"post_tag","embeddable":true,"href":"https:\/\/saintlouisenthelle.org\/accueil\/wp-json\/wp\/v2\/tags?post=6987"}],"curies":[{"name":"wp","href":"https:\/\/api.w.org\/{rel}","templated":true}]}}