{"id":14256,"date":"2026-08-26T12:00:12","date_gmt":"2026-08-26T10:00:12","guid":{"rendered":"https:\/\/saintlouisenthelle.org\/accueil\/?p=14256"},"modified":"2026-09-01T19:17:25","modified_gmt":"2026-09-01T17:17:25","slug":"forum-paroissial","status":"publish","type":"post","link":"https:\/\/saintlouisenthelle.org\/accueil\/forum-paroissial\/","title":{"rendered":"Forum paroissial : Dimanche 13 septembre \u00e0 l&rsquo;\u00e9glise de Chambly"},"content":{"rendered":"<h1>Venez d\u00e9couvrir les propositions de la paroisse,<br \/>\npour y participer, vous engager\u2026<br \/>\nRDV de 9h30 \u00e0 12h30, \u00e0\u00a0l&rsquo;\u00e9glise Notre-Dame de Chambly<\/h1>\n<h1>Le temps du forum aura lieu avant la messe qui sera c\u00e9l\u00e9br\u00e9e \u00e0 10h30, et apr\u00e8s celle-ci.<\/h1>\n","protected":false},"excerpt":{"rendered":"<p>Venez d\u00e9couvrir les propositions de la paroisse, pour y participer, vous engager\u2026 RDV de 9h30 \u00e0 12h30, \u00e0\u00a0l&rsquo;\u00e9glise Notre-Dame de Chambly Le temps du forum aura lieu avant la messe&hellip;<\/p>\n","protected":false},"author":4,"featured_media":14960,"comment_status":"closed","ping_status":"open","sticky":false,"template":"","format":"standard","meta":{"_lmt_disableupdate":"no","_lmt_disable":"","_jetpack_newsletter_access":"","_jetpack_dont_email_post_to_subs":false,"_jetpack_newsletter_tier_id":0,"_jetpack_memberships_contains_paywalled_content":false,"_jetpack_feature_clip_id":0,"_jetpack_memberships_contains_paid_content":false,"footnotes":"","jetpack_post_was_ever_published":false},"categories":[14],"tags":[],"class_list":["post-14256","post","type-post","status-publish","format-standard","has-post-thumbnail","hentry","category-paroisse"],"jetpack_shortlink":"https:\/\/wp.me\/p7Mpl1-3HW","jetpack_sharing_enabled":true,"jetpack_featured_media_url":"https:\/\/i0.wp.com\/saintlouisenthelle.org\/accueil\/wp-content\/uploads\/2026\/08\/Forum-paroissial-2026.jpg?fit=1080%2C1350&ssl=1","_links":{"self":[{"href":"https:\/\/saintlouisenthelle.org\/accueil\/wp-json\/wp\/v2\/posts\/14256","targetHints":{"allow":["GET"]}}],"collection":[{"href":"https:\/\/saintlouisenthelle.org\/accueil\/wp-json\/wp\/v2\/posts"}],"about":[{"href":"https:\/\/saintlouisenthelle.org\/accueil\/wp-json\/wp\/v2\/types\/post"}],"author":[{"embeddable":true,"href":"https:\/\/saintlouisenthelle.org\/accueil\/wp-json\/wp\/v2\/users\/4"}],"replies":[{"embeddable":true,"href":"https:\/\/saintlouisenthelle.org\/accueil\/wp-json\/wp\/v2\/comments?post=14256"}],"version-history":[{"count":6,"href":"https:\/\/saintlouisenthelle.org\/accueil\/wp-json\/wp\/v2\/posts\/14256\/revisions"}],"predecessor-version":[{"id":14841,"href":"https:\/\/saintlouisenthelle.org\/accueil\/wp-json\/wp\/v2\/posts\/14256\/revisions\/14841"}],"wp:featuredmedia":[{"embeddable":true,"href":"https:\/\/saintlouisenthelle.org\/accueil\/wp-json\/wp\/v2\/media\/14960"}],"wp:attachment":[{"href":"https:\/\/saintlouisenthelle.org\/accueil\/wp-json\/wp\/v2\/media?parent=14256"}],"wp:term":[{"taxonomy":"category","embeddable":true,"href":"https:\/\/saintlouisenthelle.org\/accueil\/wp-json\/wp\/v2\/categories?post=14256"},{"taxonomy":"post_tag","embeddable":true,"href":"https:\/\/saintlouisenthelle.org\/accueil\/wp-json\/wp\/v2\/tags?post=14256"}],"curies":[{"name":"wp","href":"https:\/\/api.w.org\/{rel}","templated":true}]}}